{"id":1333,"date":"2025-04-28T11:14:53","date_gmt":"2025-04-28T11:14:53","guid":{"rendered":"https:\/\/uft.ro\/mma\/?p=1333"},"modified":"2025-04-28T11:14:53","modified_gmt":"2025-04-28T11:14:53","slug":"gala-uft-13-road-to-dfs-in-30-mai-2025-la-cluj-napoca","status":"publish","type":"post","link":"https:\/\/uft.ro\/mma\/2025\/04\/28\/gala-uft-13-road-to-dfs-in-30-mai-2025-la-cluj-napoca\/","title":{"rendered":"Gala UFT 13 road to DFS, in 30 mai 2025 la Cluj-Napoca"},"content":{"rendered":"\n<h2 class=\"wp-block-heading\">Gala UFT 13 road to DFS, in 30 mai 2025 la Cluj-Napoca<\/h2>\n\n\n\n<p><\/p>\n\n\n\n<p>Dragi iubitori ai sporturilor de lupt\u0103, v\u0103 invit\u0103m la evenimentul Ultimate Fighting Tournament 13, road to Dynamite Fighting Show, ce se va desf\u0103\u0219ura \u00een data de 30 mai 2025 la Sala Sporturilor Horia Demian sin Cluj-Napoca.<\/p>\n\n\n\n<p>Nu trebuie s\u0103 ratezi aces spectacol plin de adrenalin\u0103 \u0219i suspans!<\/p>\n\n\n\n<p>Centura Na\u021bional\u0103 WBC Muaythai Rom\u00e2nia se va pune \u00een joc, \u00een premier\u0103, la UFT 13!<\/p>\n\n\n\n<p>Cei mai buni lupt\u0103tori de MMA, Kickboxing \u0219i Muaythai se vor duela pentru a v\u0103 oferi un show sportiv excep\u021bional!<\/p>\n\n\n\n<p>Fightcardul este unul dintre cele mai puternice! Am preg\u0103tit lupte cu sportivi rom\u00e2ni dar \u0219i interna\u021bionali iar acesta este primul motiv pentru care nu trebuie s\u0103 lipse\u0219ti. Haide \u0219i sus\u021bine sportivii clujeni \u0219i pe cei care reprezint\u0103 Rom\u00e2nia!<\/p>\n\n\n\n<h2 class=\"wp-block-heading\">UFT 13 road to Dynamte Fighting Show este continuarea parteneriatului dintre cei doi promotori de gale din Rom\u00e2nia, Haidu Sebastian Ioan \u0219i C\u0103t\u0103lin Moro\u0219anu.<\/h2>\n\n\n\n<p>La eveniment vei avea ocazia s\u0103 ii \u00eent\u00e2lne\u0219ti pe cei mai buni \u0219i mediatiza\u021bi lupt\u0103tori din Rom\u00e2nia! <\/p>\n\n\n\n<p>Mr. Paul Nicholls, celebrul arbitru interna\u021bional K-1, ISKA \u0219i Glory Kickboxing va arbitra luptele de Kickboxing iar din partea WBC Muaythai vom avea un reprezentant interna\u021bional care va superviza comisia rom\u00e2n\u0103 de arbitraj.<\/p>\n\n\n\n<h3 class=\"wp-block-heading\">Pentru bilete nu ezita s\u0103 ne contactezi!!! D\u0103 join la event pe fb aici: https<a href=\"https:\/\/fb.me\/e\/32A1owFAF\" target=\"_blank\" rel=\"noreferrer noopener\">:\/\/fb.me\/e\/32A1owFAF<\/a> FB Join UFT Event<\/h3>\n\n\n\n<p>Vezi promo-ul mai jos!<\/p>\n\n\n\n<figure class=\"wp-block-embed is-type-video is-provider-youtube wp-block-embed-youtube wp-embed-aspect-16-9 wp-has-aspect-ratio\"><div class=\"wp-block-embed__wrapper\">\n<iframe loading=\"lazy\" title=\"Gala UFT 13 road to Dynamite Fighting Show - 30 Mai 2025 la Cluj-Napoca - Uft Festival Romania\" width=\"848\" height=\"477\" src=\"https:\/\/www.youtube.com\/embed\/cLAzMsj43Xc?feature=oembed\" style=\"border: none\" allow=\"accelerometer; autoplay; clipboard-write; encrypted-media; gyroscope; picture-in-picture; web-share\" referrerpolicy=\"strict-origin-when-cross-origin\" allowfullscreen><\/iframe>\n<\/div><figcaption class=\"wp-element-caption\">Gala UFT 13 road to Dynamite Fighting Show &#8211; 30 mai 2025 <\/figcaption><\/figure>\n\n\n\n<figure class=\"wp-block-image size-large\"><img decoding=\"async\" loading=\"lazy\" width=\"1024\" height=\"568\" src=\"https:\/\/uft.ro\/mma\/wp-content\/uploads\/2025\/04\/uft-road-to-dfs-13-1024x568.png\" alt=\"Gala UFT 13, road to DFS din 30 mai 2025 de la Cluj-Napoca\" class=\"wp-image-1335\" srcset=\"https:\/\/uft.ro\/mma\/wp-content\/uploads\/2025\/04\/uft-road-to-dfs-13-1024x568.png 1024w, https:\/\/uft.ro\/mma\/wp-content\/uploads\/2025\/04\/uft-road-to-dfs-13-300x166.png 300w, https:\/\/uft.ro\/mma\/wp-content\/uploads\/2025\/04\/uft-road-to-dfs-13-768x426.png 768w, https:\/\/uft.ro\/mma\/wp-content\/uploads\/2025\/04\/uft-road-to-dfs-13-1536x852.png 1536w, https:\/\/uft.ro\/mma\/wp-content\/uploads\/2025\/04\/uft-road-to-dfs-13.png 1559w\" sizes=\"(max-width: 1024px) 100vw, 1024px\" \/><\/figure>\n\n\n\n<h2 class=\"wp-block-heading has-text-align-center\">uft, ultimate fighting tournament, uft 13, dfs, road to dfs, dynamite fighting show, gala de lupte, gala k1, gala k 1 cluj, mma cluj, muaythai cluj, wbc romania, wbc muaythai romania,  muay thai, centura wbc muay thai, centura uft, luptatori uft, haidu sebastian ioan, promotor uft, catalin morosanu, promotor dfs<\/h2>\n","protected":false},"excerpt":{"rendered":"<p>Gala UFT 13 road to DFS, in 30 mai 2025 la Cluj-Napoca Dragi iubitori ai sporturilor de lupt\u0103, v\u0103 invit\u0103m la evenimentul Ultimate Fighting Tournament 13, road to Dynamite Fighting Show, ce se va desf\u0103\u0219ura \u00een data de 30 mai 2025 la Sala Sporturilor Horia Demian sin Cluj-Napoca. Nu trebuie s\u0103 ratezi aces spectacol plin de adrenalin\u0103 \u0219i suspans! Centura Na\u021bional\u0103 WBC Muaythai Rom\u00e2nia se va pune \u00een joc, \u00een premier\u0103, la UFT 13! Cei mai buni lupt\u0103tori de MMA, Kickboxing \u0219i Muaythai se vor duela pentru a v\u0103 oferi un show sportiv excep\u021bional! Fightcardul este unul dintre cele mai puternice! Am preg\u0103tit lupte cu sportivi rom\u00e2ni dar \u0219i interna\u021bionali iar acesta este primul motiv pentru care nu trebuie s\u0103 [&hellip;]<\/p>\n","protected":false},"author":1,"featured_media":1334,"comment_status":"open","ping_status":"open","sticky":true,"template":"","format":"standard","meta":[],"categories":[126,1,3,4,2],"tags":[367,369,370,368],"aioseo_notices":[],"yoast_head":"<!-- This site is optimized with the Yoast SEO plugin v21.8.1 - https:\/\/yoast.com\/wordpress\/plugins\/seo\/ -->\n<title>Gala UFT 13 road to DFS, in 30 mai 2025 la Cluj-Napoca - UFT Ultimate Fighting Tournament MMA Romania<\/title>\n<meta name=\"robots\" content=\"index, follow, max-snippet:-1, max-image-preview:large, max-video-preview:-1\" \/>\n<link rel=\"canonical\" href=\"https:\/\/uft.ro\/mma\/2025\/04\/28\/gala-uft-13-road-to-dfs-in-30-mai-2025-la-cluj-napoca\/\" \/>\n<meta property=\"og:locale\" content=\"en_US\" \/>\n<meta property=\"og:type\" content=\"article\" \/>\n<meta property=\"og:title\" content=\"Gala UFT 13 road to DFS, in 30 mai 2025 la Cluj-Napoca - UFT Ultimate Fighting Tournament MMA Romania\" \/>\n<meta property=\"og:description\" content=\"Gala UFT 13 road to DFS, in 30 mai 2025 la Cluj-Napoca Dragi iubitori ai sporturilor de lupt\u0103, v\u0103 invit\u0103m la evenimentul Ultimate Fighting Tournament 13, road to Dynamite Fighting Show, ce se va desf\u0103\u0219ura \u00een data de 30 mai 2025 la Sala Sporturilor Horia Demian sin Cluj-Napoca. Nu trebuie s\u0103 ratezi aces spectacol plin de adrenalin\u0103 \u0219i suspans! Centura Na\u021bional\u0103 WBC Muaythai Rom\u00e2nia se va pune \u00een joc, \u00een premier\u0103, la UFT 13! Cei mai buni lupt\u0103tori de MMA, Kickboxing \u0219i Muaythai se vor duela pentru a v\u0103 oferi un show sportiv excep\u021bional! Fightcardul este unul dintre cele mai puternice! Am preg\u0103tit lupte cu sportivi rom\u00e2ni dar \u0219i interna\u021bionali iar acesta este primul motiv pentru care nu trebuie s\u0103 [&hellip;]\" \/>\n<meta property=\"og:url\" content=\"https:\/\/uft.ro\/mma\/2025\/04\/28\/gala-uft-13-road-to-dfs-in-30-mai-2025-la-cluj-napoca\/\" \/>\n<meta property=\"og:site_name\" content=\"UFT Ultimate Fighting Tournament MMA Romania\" \/>\n<meta property=\"article:publisher\" content=\"https:\/\/www.facebook.com\/UFT.ro\" \/>\n<meta property=\"article:author\" content=\"https:\/\/facebook.com\/uft.ro\" \/>\n<meta property=\"article:published_time\" content=\"2025-04-28T11:14:53+00:00\" \/>\n<meta property=\"og:image\" content=\"https:\/\/uft.ro\/mma\/wp-content\/uploads\/2025\/04\/Gala-Cluj-Napoca-UFT-2024-1-331-Gala-UFT-2024-Horia-Demian-Cluj.png\" \/>\n\t<meta property=\"og:image:width\" content=\"1024\" \/>\n\t<meta property=\"og:image:height\" content=\"681\" \/>\n\t<meta property=\"og:image:type\" content=\"image\/png\" \/>\n<meta name=\"author\" content=\"Sebastian H\" \/>\n<meta name=\"twitter:card\" content=\"summary_large_image\" \/>\n<meta name=\"twitter:label1\" content=\"Written by\" \/>\n\t<meta name=\"twitter:data1\" content=\"Sebastian H\" \/>\n\t<meta name=\"twitter:label2\" content=\"Est. reading time\" \/>\n\t<meta name=\"twitter:data2\" content=\"2 minutes\" \/>\n<script type=\"application\/ld+json\" class=\"yoast-schema-graph\">{\"@context\":\"https:\/\/schema.org\",\"@graph\":[{\"@type\":\"Article\",\"@id\":\"https:\/\/uft.ro\/mma\/2025\/04\/28\/gala-uft-13-road-to-dfs-in-30-mai-2025-la-cluj-napoca\/#article\",\"isPartOf\":{\"@id\":\"https:\/\/uft.ro\/mma\/2025\/04\/28\/gala-uft-13-road-to-dfs-in-30-mai-2025-la-cluj-napoca\/\"},\"author\":{\"name\":\"Sebastian H\",\"@id\":\"https:\/\/uft.ro\/mma\/#\/schema\/person\/39cffe3c26c28e3219d6f6ba0fc87f3f\"},\"headline\":\"Gala UFT 13 road to DFS, in 30 mai 2025 la Cluj-Napoca\",\"datePublished\":\"2025-04-28T11:14:53+00:00\",\"dateModified\":\"2025-04-28T11:14:53+00:00\",\"mainEntityOfPage\":{\"@id\":\"https:\/\/uft.ro\/mma\/2025\/04\/28\/gala-uft-13-road-to-dfs-in-30-mai-2025-la-cluj-napoca\/\"},\"wordCount\":324,\"commentCount\":0,\"publisher\":{\"@id\":\"https:\/\/uft.ro\/mma\/#organization\"},\"keywords\":[\"gala uft 13\",\"gala uft 2025\",\"gala uft cluj\",\"uft road to dfs\"],\"articleSection\":[\"Best of\",\"Evenimente\",\"Kickboxing\",\"MMA\",\"Stiri\"],\"inLanguage\":\"en-US\",\"potentialAction\":[{\"@type\":\"CommentAction\",\"name\":\"Comment\",\"target\":[\"https:\/\/uft.ro\/mma\/2025\/04\/28\/gala-uft-13-road-to-dfs-in-30-mai-2025-la-cluj-napoca\/#respond\"]}]},{\"@type\":\"WebPage\",\"@id\":\"https:\/\/uft.ro\/mma\/2025\/04\/28\/gala-uft-13-road-to-dfs-in-30-mai-2025-la-cluj-napoca\/\",\"url\":\"https:\/\/uft.ro\/mma\/2025\/04\/28\/gala-uft-13-road-to-dfs-in-30-mai-2025-la-cluj-napoca\/\",\"name\":\"Gala UFT 13 road to DFS, in 30 mai 2025 la Cluj-Napoca - UFT Ultimate Fighting Tournament MMA Romania\",\"isPartOf\":{\"@id\":\"https:\/\/uft.ro\/mma\/#website\"},\"datePublished\":\"2025-04-28T11:14:53+00:00\",\"dateModified\":\"2025-04-28T11:14:53+00:00\",\"breadcrumb\":{\"@id\":\"https:\/\/uft.ro\/mma\/2025\/04\/28\/gala-uft-13-road-to-dfs-in-30-mai-2025-la-cluj-napoca\/#breadcrumb\"},\"inLanguage\":\"en-US\",\"potentialAction\":[{\"@type\":\"ReadAction\",\"target\":[\"https:\/\/uft.ro\/mma\/2025\/04\/28\/gala-uft-13-road-to-dfs-in-30-mai-2025-la-cluj-napoca\/\"]}]},{\"@type\":\"BreadcrumbList\",\"@id\":\"https:\/\/uft.ro\/mma\/2025\/04\/28\/gala-uft-13-road-to-dfs-in-30-mai-2025-la-cluj-napoca\/#breadcrumb\",\"itemListElement\":[{\"@type\":\"ListItem\",\"position\":1,\"name\":\"Home\",\"item\":\"https:\/\/uft.ro\/mma\/\"},{\"@type\":\"ListItem\",\"position\":2,\"name\":\"Gala UFT 13 road to DFS, in 30 mai 2025 la Cluj-Napoca\"}]},{\"@type\":\"WebSite\",\"@id\":\"https:\/\/uft.ro\/mma\/#website\",\"url\":\"https:\/\/uft.ro\/mma\/\",\"name\":\"UFT Ultimate Fighting Tournament MMA Romania\",\"description\":\"MMA, Kickboxing and Grappling PRO Cage Events in Transylvania, Romania\",\"publisher\":{\"@id\":\"https:\/\/uft.ro\/mma\/#organization\"},\"potentialAction\":[{\"@type\":\"SearchAction\",\"target\":{\"@type\":\"EntryPoint\",\"urlTemplate\":\"https:\/\/uft.ro\/mma\/?s={search_term_string}\"},\"query-input\":\"required name=search_term_string\"}],\"inLanguage\":\"en-US\"},{\"@type\":\"Organization\",\"@id\":\"https:\/\/uft.ro\/mma\/#organization\",\"name\":\"UFT Ultimate Fighting Tournament MMA Romania\",\"url\":\"https:\/\/uft.ro\/mma\/\",\"logo\":{\"@type\":\"ImageObject\",\"inLanguage\":\"en-US\",\"@id\":\"https:\/\/uft.ro\/mma\/#\/schema\/logo\/image\/\",\"url\":\"https:\/\/uft.ro\/mma\/wp-content\/uploads\/2022\/11\/logo-uft-png.png\",\"contentUrl\":\"https:\/\/uft.ro\/mma\/wp-content\/uploads\/2022\/11\/logo-uft-png.png\",\"width\":600,\"height\":600,\"caption\":\"UFT Ultimate Fighting Tournament MMA Romania\"},\"image\":{\"@id\":\"https:\/\/uft.ro\/mma\/#\/schema\/logo\/image\/\"},\"sameAs\":[\"https:\/\/www.facebook.com\/UFT.ro\",\"https:\/\/www.youtube.com\/c\/UFTULTIMATEFIGHTINGTOURNAMENTMMARomania\"]},{\"@type\":\"Person\",\"@id\":\"https:\/\/uft.ro\/mma\/#\/schema\/person\/39cffe3c26c28e3219d6f6ba0fc87f3f\",\"name\":\"Sebastian H\",\"image\":{\"@type\":\"ImageObject\",\"inLanguage\":\"en-US\",\"@id\":\"https:\/\/uft.ro\/mma\/#\/schema\/person\/image\/\",\"url\":\"https:\/\/secure.gravatar.com\/avatar\/3fc52dbcdef32a066894eec81dc116a5?s=96&d=mm&r=g\",\"contentUrl\":\"https:\/\/secure.gravatar.com\/avatar\/3fc52dbcdef32a066894eec81dc116a5?s=96&d=mm&r=g\",\"caption\":\"Sebastian H\"},\"sameAs\":[\"https:\/\/uft.ro\/mma\",\"https:\/\/facebook.com\/uft.ro\"],\"url\":\"https:\/\/uft.ro\/mma\/author\/admin\/\"}]}<\/script>\n<!-- \/ Yoast SEO plugin. -->","yoast_head_json":{"title":"Gala UFT 13 road to DFS, in 30 mai 2025 la Cluj-Napoca - UFT Ultimate Fighting Tournament MMA Romania","robots":{"index":"index","follow":"follow","max-snippet":"max-snippet:-1","max-image-preview":"max-image-preview:large","max-video-preview":"max-video-preview:-1"},"canonical":"https:\/\/uft.ro\/mma\/2025\/04\/28\/gala-uft-13-road-to-dfs-in-30-mai-2025-la-cluj-napoca\/","og_locale":"en_US","og_type":"article","og_title":"Gala UFT 13 road to DFS, in 30 mai 2025 la Cluj-Napoca - UFT Ultimate Fighting Tournament MMA Romania","og_description":"Gala UFT 13 road to DFS, in 30 mai 2025 la Cluj-Napoca Dragi iubitori ai sporturilor de lupt\u0103, v\u0103 invit\u0103m la evenimentul Ultimate Fighting Tournament 13, road to Dynamite Fighting Show, ce se va desf\u0103\u0219ura \u00een data de 30 mai 2025 la Sala Sporturilor Horia Demian sin Cluj-Napoca. Nu trebuie s\u0103 ratezi aces spectacol plin de adrenalin\u0103 \u0219i suspans! Centura Na\u021bional\u0103 WBC Muaythai Rom\u00e2nia se va pune \u00een joc, \u00een premier\u0103, la UFT 13! Cei mai buni lupt\u0103tori de MMA, Kickboxing \u0219i Muaythai se vor duela pentru a v\u0103 oferi un show sportiv excep\u021bional! Fightcardul este unul dintre cele mai puternice! Am preg\u0103tit lupte cu sportivi rom\u00e2ni dar \u0219i interna\u021bionali iar acesta este primul motiv pentru care nu trebuie s\u0103 [&hellip;]","og_url":"https:\/\/uft.ro\/mma\/2025\/04\/28\/gala-uft-13-road-to-dfs-in-30-mai-2025-la-cluj-napoca\/","og_site_name":"UFT Ultimate Fighting Tournament MMA Romania","article_publisher":"https:\/\/www.facebook.com\/UFT.ro","article_author":"https:\/\/facebook.com\/uft.ro","article_published_time":"2025-04-28T11:14:53+00:00","og_image":[{"width":1024,"height":681,"url":"https:\/\/uft.ro\/mma\/wp-content\/uploads\/2025\/04\/Gala-Cluj-Napoca-UFT-2024-1-331-Gala-UFT-2024-Horia-Demian-Cluj.png","type":"image\/png"}],"author":"Sebastian H","twitter_card":"summary_large_image","twitter_misc":{"Written by":"Sebastian H","Est. reading time":"2 minutes"},"schema":{"@context":"https:\/\/schema.org","@graph":[{"@type":"Article","@id":"https:\/\/uft.ro\/mma\/2025\/04\/28\/gala-uft-13-road-to-dfs-in-30-mai-2025-la-cluj-napoca\/#article","isPartOf":{"@id":"https:\/\/uft.ro\/mma\/2025\/04\/28\/gala-uft-13-road-to-dfs-in-30-mai-2025-la-cluj-napoca\/"},"author":{"name":"Sebastian H","@id":"https:\/\/uft.ro\/mma\/#\/schema\/person\/39cffe3c26c28e3219d6f6ba0fc87f3f"},"headline":"Gala UFT 13 road to DFS, in 30 mai 2025 la Cluj-Napoca","datePublished":"2025-04-28T11:14:53+00:00","dateModified":"2025-04-28T11:14:53+00:00","mainEntityOfPage":{"@id":"https:\/\/uft.ro\/mma\/2025\/04\/28\/gala-uft-13-road-to-dfs-in-30-mai-2025-la-cluj-napoca\/"},"wordCount":324,"commentCount":0,"publisher":{"@id":"https:\/\/uft.ro\/mma\/#organization"},"keywords":["gala uft 13","gala uft 2025","gala uft cluj","uft road to dfs"],"articleSection":["Best of","Evenimente","Kickboxing","MMA","Stiri"],"inLanguage":"en-US","potentialAction":[{"@type":"CommentAction","name":"Comment","target":["https:\/\/uft.ro\/mma\/2025\/04\/28\/gala-uft-13-road-to-dfs-in-30-mai-2025-la-cluj-napoca\/#respond"]}]},{"@type":"WebPage","@id":"https:\/\/uft.ro\/mma\/2025\/04\/28\/gala-uft-13-road-to-dfs-in-30-mai-2025-la-cluj-napoca\/","url":"https:\/\/uft.ro\/mma\/2025\/04\/28\/gala-uft-13-road-to-dfs-in-30-mai-2025-la-cluj-napoca\/","name":"Gala UFT 13 road to DFS, in 30 mai 2025 la Cluj-Napoca - UFT Ultimate Fighting Tournament MMA Romania","isPartOf":{"@id":"https:\/\/uft.ro\/mma\/#website"},"datePublished":"2025-04-28T11:14:53+00:00","dateModified":"2025-04-28T11:14:53+00:00","breadcrumb":{"@id":"https:\/\/uft.ro\/mma\/2025\/04\/28\/gala-uft-13-road-to-dfs-in-30-mai-2025-la-cluj-napoca\/#breadcrumb"},"inLanguage":"en-US","potentialAction":[{"@type":"ReadAction","target":["https:\/\/uft.ro\/mma\/2025\/04\/28\/gala-uft-13-road-to-dfs-in-30-mai-2025-la-cluj-napoca\/"]}]},{"@type":"BreadcrumbList","@id":"https:\/\/uft.ro\/mma\/2025\/04\/28\/gala-uft-13-road-to-dfs-in-30-mai-2025-la-cluj-napoca\/#breadcrumb","itemListElement":[{"@type":"ListItem","position":1,"name":"Home","item":"https:\/\/uft.ro\/mma\/"},{"@type":"ListItem","position":2,"name":"Gala UFT 13 road to DFS, in 30 mai 2025 la Cluj-Napoca"}]},{"@type":"WebSite","@id":"https:\/\/uft.ro\/mma\/#website","url":"https:\/\/uft.ro\/mma\/","name":"UFT Ultimate Fighting Tournament MMA Romania","description":"MMA, Kickboxing and Grappling PRO Cage Events in Transylvania, Romania","publisher":{"@id":"https:\/\/uft.ro\/mma\/#organization"},"potentialAction":[{"@type":"SearchAction","target":{"@type":"EntryPoint","urlTemplate":"https:\/\/uft.ro\/mma\/?s={search_term_string}"},"query-input":"required name=search_term_string"}],"inLanguage":"en-US"},{"@type":"Organization","@id":"https:\/\/uft.ro\/mma\/#organization","name":"UFT Ultimate Fighting Tournament MMA Romania","url":"https:\/\/uft.ro\/mma\/","logo":{"@type":"ImageObject","inLanguage":"en-US","@id":"https:\/\/uft.ro\/mma\/#\/schema\/logo\/image\/","url":"https:\/\/uft.ro\/mma\/wp-content\/uploads\/2022\/11\/logo-uft-png.png","contentUrl":"https:\/\/uft.ro\/mma\/wp-content\/uploads\/2022\/11\/logo-uft-png.png","width":600,"height":600,"caption":"UFT Ultimate Fighting Tournament MMA Romania"},"image":{"@id":"https:\/\/uft.ro\/mma\/#\/schema\/logo\/image\/"},"sameAs":["https:\/\/www.facebook.com\/UFT.ro","https:\/\/www.youtube.com\/c\/UFTULTIMATEFIGHTINGTOURNAMENTMMARomania"]},{"@type":"Person","@id":"https:\/\/uft.ro\/mma\/#\/schema\/person\/39cffe3c26c28e3219d6f6ba0fc87f3f","name":"Sebastian H","image":{"@type":"ImageObject","inLanguage":"en-US","@id":"https:\/\/uft.ro\/mma\/#\/schema\/person\/image\/","url":"https:\/\/secure.gravatar.com\/avatar\/3fc52dbcdef32a066894eec81dc116a5?s=96&d=mm&r=g","contentUrl":"https:\/\/secure.gravatar.com\/avatar\/3fc52dbcdef32a066894eec81dc116a5?s=96&d=mm&r=g","caption":"Sebastian H"},"sameAs":["https:\/\/uft.ro\/mma","https:\/\/facebook.com\/uft.ro"],"url":"https:\/\/uft.ro\/mma\/author\/admin\/"}]}},"_links":{"self":[{"href":"https:\/\/uft.ro\/mma\/wp-json\/wp\/v2\/posts\/1333"}],"collection":[{"href":"https:\/\/uft.ro\/mma\/wp-json\/wp\/v2\/posts"}],"about":[{"href":"https:\/\/uft.ro\/mma\/wp-json\/wp\/v2\/types\/post"}],"author":[{"embeddable":true,"href":"https:\/\/uft.ro\/mma\/wp-json\/wp\/v2\/users\/1"}],"replies":[{"embeddable":true,"href":"https:\/\/uft.ro\/mma\/wp-json\/wp\/v2\/comments?post=1333"}],"version-history":[{"count":1,"href":"https:\/\/uft.ro\/mma\/wp-json\/wp\/v2\/posts\/1333\/revisions"}],"predecessor-version":[{"id":1336,"href":"https:\/\/uft.ro\/mma\/wp-json\/wp\/v2\/posts\/1333\/revisions\/1336"}],"wp:featuredmedia":[{"embeddable":true,"href":"https:\/\/uft.ro\/mma\/wp-json\/wp\/v2\/media\/1334"}],"wp:attachment":[{"href":"https:\/\/uft.ro\/mma\/wp-json\/wp\/v2\/media?parent=1333"}],"wp:term":[{"taxonomy":"category","embeddable":true,"href":"https:\/\/uft.ro\/mma\/wp-json\/wp\/v2\/categories?post=1333"},{"taxonomy":"post_tag","embeddable":true,"href":"https:\/\/uft.ro\/mma\/wp-json\/wp\/v2\/tags?post=1333"}],"curies":[{"name":"wp","href":"https:\/\/api.w.org\/{rel}","templated":true}]}}